{"id":3587,"date":"2023-01-19T10:57:50","date_gmt":"2023-01-19T10:57:50","guid":{"rendered":"https:\/\/www.frra.at\/?p=3587"},"modified":"2023-01-19T10:57:50","modified_gmt":"2023-01-19T10:57:50","slug":"johannes-schroecksnadel-strengthens-frotz-riedl-rechtsanwaelte","status":"publish","type":"post","link":"https:\/\/www.frra.at\/en\/johannes-schroecksnadel-strengthens-frotz-riedl-rechtsanwaelte\/","title":{"rendered":"Johannes Schr\u00f6cksnadel strengthens Frotz Riedl Rechtsanw\u00e4lte"},"content":{"rendered":"<p>With the inclusion of Johannes Schr\u00f6cksnadel as independent attorney at law, Frotz Riedl Rechtsanw\u00e4lte is strengthened from within its own ranks. Johannes Schr\u00f6cksnadel has been working in the team of Georg Riedl since 2019 and was recently registered as an attorney at the Vienna Bar. His areas of expertise are in dispute resolution and corporate law, especially with regards to complex commercial litigation and liability issues.<\/p>\n<p>Johannes Schr\u00f6cksnadel studied law at the University of Innsbruck and Cardiff University and received multiple scholarships for his academic performance. Before joining the firm, he worked as associate in a renowned, internationally operating law firm focused on dispute resolution.<\/p>\n<p>Heartfelt congratulations!<\/p>\n","protected":false},"excerpt":{"rendered":"<p>With the inclusion of Johannes Schr\u00f6cksnadel as independent attorney at law, Frotz Riedl Rechtsanw\u00e4lte is strengthened from within its own ranks. Johannes Schr\u00f6cksnadel has been working in the team of Georg Riedl since 2019 and was recently registered as an attorney at the Vienna Bar. His areas of expertise are in dispute resolution and corporate&#8230;<\/p>\n","protected":false},"author":6,"featured_media":3584,"comment_status":"open","ping_status":"open","sticky":false,"template":"","format":"standard","meta":{"footnotes":""},"categories":[20],"tags":[],"class_list":["post-3587","post","type-post","status-publish","format-standard","has-post-thumbnail","hentry","category-uncategorized"],"yoast_head":"<!-- This site is optimized with the Yoast SEO plugin v26.3 - https:\/\/yoast.com\/wordpress\/plugins\/seo\/ -->\n<title>Johannes Schr\u00f6cksnadel strengthens Frotz Riedl Rechtsanw\u00e4lte - FRRA<\/title>\n<meta name=\"robots\" content=\"index, follow, max-snippet:-1, max-image-preview:large, max-video-preview:-1\" \/>\n<link rel=\"canonical\" href=\"https:\/\/www.frra.at\/en\/johannes-schroecksnadel-strengthens-frotz-riedl-rechtsanwaelte\/\" \/>\n<meta property=\"og:locale\" content=\"en_US\" \/>\n<meta property=\"og:type\" content=\"article\" \/>\n<meta property=\"og:title\" content=\"Johannes Schr\u00f6cksnadel strengthens Frotz Riedl Rechtsanw\u00e4lte - FRRA\" \/>\n<meta property=\"og:description\" content=\"With the inclusion of Johannes Schr\u00f6cksnadel as independent attorney at law, Frotz Riedl Rechtsanw\u00e4lte is strengthened from within its own ranks. Johannes Schr\u00f6cksnadel has been working in the team of Georg Riedl since 2019 and was recently registered as an attorney at the Vienna Bar. His areas of expertise are in dispute resolution and corporate...\" \/>\n<meta property=\"og:url\" content=\"https:\/\/www.frra.at\/en\/johannes-schroecksnadel-strengthens-frotz-riedl-rechtsanwaelte\/\" \/>\n<meta property=\"og:site_name\" content=\"FRRA\" \/>\n<meta property=\"article:published_time\" content=\"2023-01-19T10:57:50+00:00\" \/>\n<meta property=\"og:image\" content=\"https:\/\/www.frra.at\/wp\/wp-content\/uploads\/2023\/01\/Johannes_Dr.-Riedl-scaled.jpg\" \/>\n\t<meta property=\"og:image:width\" content=\"2560\" \/>\n\t<meta property=\"og:image:height\" content=\"1920\" \/>\n\t<meta property=\"og:image:type\" content=\"image\/jpeg\" \/>\n<meta name=\"author\" content=\"Maria Pribila\" \/>\n<meta name=\"twitter:card\" content=\"summary_large_image\" \/>\n<meta name=\"twitter:label1\" content=\"Written by\" \/>\n\t<meta name=\"twitter:data1\" content=\"Maria Pribila\" \/>\n\t<meta name=\"twitter:label2\" content=\"Est. reading time\" \/>\n\t<meta name=\"twitter:data2\" content=\"1 minute\" \/>\n<script type=\"application\/ld+json\" class=\"yoast-schema-graph\">{\"@context\":\"https:\/\/schema.org\",\"@graph\":[{\"@type\":\"Article\",\"@id\":\"https:\/\/www.frra.at\/en\/johannes-schroecksnadel-strengthens-frotz-riedl-rechtsanwaelte\/#article\",\"isPartOf\":{\"@id\":\"https:\/\/www.frra.at\/en\/johannes-schroecksnadel-strengthens-frotz-riedl-rechtsanwaelte\/\"},\"author\":{\"name\":\"Maria Pribila\",\"@id\":\"https:\/\/www.frra.at\/en\/#\/schema\/person\/359c78f9f5f397c61fb9e417910d4aaa\"},\"headline\":\"Johannes Schr\u00f6cksnadel strengthens Frotz Riedl Rechtsanw\u00e4lte\",\"datePublished\":\"2023-01-19T10:57:50+00:00\",\"mainEntityOfPage\":{\"@id\":\"https:\/\/www.frra.at\/en\/johannes-schroecksnadel-strengthens-frotz-riedl-rechtsanwaelte\/\"},\"wordCount\":118,\"commentCount\":0,\"publisher\":{\"@id\":\"https:\/\/www.frra.at\/en\/#organization\"},\"image\":{\"@id\":\"https:\/\/www.frra.at\/en\/johannes-schroecksnadel-strengthens-frotz-riedl-rechtsanwaelte\/#primaryimage\"},\"thumbnailUrl\":\"https:\/\/www.frra.at\/wp\/wp-content\/uploads\/2023\/01\/Johannes_Dr.-Riedl-scaled.jpg\",\"inLanguage\":\"en-US\",\"potentialAction\":[{\"@type\":\"CommentAction\",\"name\":\"Comment\",\"target\":[\"https:\/\/www.frra.at\/en\/johannes-schroecksnadel-strengthens-frotz-riedl-rechtsanwaelte\/#respond\"]}]},{\"@type\":\"WebPage\",\"@id\":\"https:\/\/www.frra.at\/en\/johannes-schroecksnadel-strengthens-frotz-riedl-rechtsanwaelte\/\",\"url\":\"https:\/\/www.frra.at\/en\/johannes-schroecksnadel-strengthens-frotz-riedl-rechtsanwaelte\/\",\"name\":\"Johannes Schr\u00f6cksnadel strengthens Frotz Riedl Rechtsanw\u00e4lte - FRRA\",\"isPartOf\":{\"@id\":\"https:\/\/www.frra.at\/en\/#website\"},\"primaryImageOfPage\":{\"@id\":\"https:\/\/www.frra.at\/en\/johannes-schroecksnadel-strengthens-frotz-riedl-rechtsanwaelte\/#primaryimage\"},\"image\":{\"@id\":\"https:\/\/www.frra.at\/en\/johannes-schroecksnadel-strengthens-frotz-riedl-rechtsanwaelte\/#primaryimage\"},\"thumbnailUrl\":\"https:\/\/www.frra.at\/wp\/wp-content\/uploads\/2023\/01\/Johannes_Dr.-Riedl-scaled.jpg\",\"datePublished\":\"2023-01-19T10:57:50+00:00\",\"breadcrumb\":{\"@id\":\"https:\/\/www.frra.at\/en\/johannes-schroecksnadel-strengthens-frotz-riedl-rechtsanwaelte\/#breadcrumb\"},\"inLanguage\":\"en-US\",\"potentialAction\":[{\"@type\":\"ReadAction\",\"target\":[\"https:\/\/www.frra.at\/en\/johannes-schroecksnadel-strengthens-frotz-riedl-rechtsanwaelte\/\"]}]},{\"@type\":\"ImageObject\",\"inLanguage\":\"en-US\",\"@id\":\"https:\/\/www.frra.at\/en\/johannes-schroecksnadel-strengthens-frotz-riedl-rechtsanwaelte\/#primaryimage\",\"url\":\"https:\/\/www.frra.at\/wp\/wp-content\/uploads\/2023\/01\/Johannes_Dr.-Riedl-scaled.jpg\",\"contentUrl\":\"https:\/\/www.frra.at\/wp\/wp-content\/uploads\/2023\/01\/Johannes_Dr.-Riedl-scaled.jpg\",\"width\":2560,\"height\":1920,\"caption\":\"www.bernhardschramm.com\"},{\"@type\":\"BreadcrumbList\",\"@id\":\"https:\/\/www.frra.at\/en\/johannes-schroecksnadel-strengthens-frotz-riedl-rechtsanwaelte\/#breadcrumb\",\"itemListElement\":[{\"@type\":\"ListItem\",\"position\":1,\"name\":\"Startseite\",\"item\":\"https:\/\/www.frra.at\/en\/\"},{\"@type\":\"ListItem\",\"position\":2,\"name\":\"Johannes Schr\u00f6cksnadel strengthens Frotz Riedl Rechtsanw\u00e4lte\"}]},{\"@type\":\"WebSite\",\"@id\":\"https:\/\/www.frra.at\/en\/#website\",\"url\":\"https:\/\/www.frra.at\/en\/\",\"name\":\"FRRA\",\"description\":\"Kompetenz, die \u00fcberzeugt.\",\"publisher\":{\"@id\":\"https:\/\/www.frra.at\/en\/#organization\"},\"potentialAction\":[{\"@type\":\"SearchAction\",\"target\":{\"@type\":\"EntryPoint\",\"urlTemplate\":\"https:\/\/www.frra.at\/en\/?s={search_term_string}\"},\"query-input\":{\"@type\":\"PropertyValueSpecification\",\"valueRequired\":true,\"valueName\":\"search_term_string\"}}],\"inLanguage\":\"en-US\"},{\"@type\":\"Organization\",\"@id\":\"https:\/\/www.frra.at\/en\/#organization\",\"name\":\"Frotz Riedl Rechtsanw\u00e4lte\",\"url\":\"https:\/\/www.frra.at\/en\/\",\"logo\":{\"@type\":\"ImageObject\",\"inLanguage\":\"en-US\",\"@id\":\"https:\/\/www.frra.at\/en\/#\/schema\/logo\/image\/\",\"url\":\"https:\/\/www.frra.at\/wp\/wp-content\/uploads\/2021\/04\/Frotz-Riedl-Rechtsanwaelte-Logo-500x50-1.png\",\"contentUrl\":\"https:\/\/www.frra.at\/wp\/wp-content\/uploads\/2021\/04\/Frotz-Riedl-Rechtsanwaelte-Logo-500x50-1.png\",\"width\":500,\"height\":50,\"caption\":\"Frotz Riedl Rechtsanw\u00e4lte\"},\"image\":{\"@id\":\"https:\/\/www.frra.at\/en\/#\/schema\/logo\/image\/\"}},{\"@type\":\"Person\",\"@id\":\"https:\/\/www.frra.at\/en\/#\/schema\/person\/359c78f9f5f397c61fb9e417910d4aaa\",\"name\":\"Maria Pribila\",\"image\":{\"@type\":\"ImageObject\",\"inLanguage\":\"en-US\",\"@id\":\"https:\/\/www.frra.at\/en\/#\/schema\/person\/image\/\",\"url\":\"https:\/\/secure.gravatar.com\/avatar\/5e4857bb3b7b73963b9a9d20ad1fd4b9?s=96&d=mm&r=g\",\"contentUrl\":\"https:\/\/secure.gravatar.com\/avatar\/5e4857bb3b7b73963b9a9d20ad1fd4b9?s=96&d=mm&r=g\",\"caption\":\"Maria Pribila\"},\"sameAs\":[\"http:\/\/frra.at\"],\"url\":\"https:\/\/www.frra.at\/en\/author\/mpribila_t7k91254\/\"}]}<\/script>\n<!-- \/ Yoast SEO plugin. -->","yoast_head_json":{"title":"Johannes Schr\u00f6cksnadel strengthens Frotz Riedl Rechtsanw\u00e4lte - FRRA","robots":{"index":"index","follow":"follow","max-snippet":"max-snippet:-1","max-image-preview":"max-image-preview:large","max-video-preview":"max-video-preview:-1"},"canonical":"https:\/\/www.frra.at\/en\/johannes-schroecksnadel-strengthens-frotz-riedl-rechtsanwaelte\/","og_locale":"en_US","og_type":"article","og_title":"Johannes Schr\u00f6cksnadel strengthens Frotz Riedl Rechtsanw\u00e4lte - FRRA","og_description":"With the inclusion of Johannes Schr\u00f6cksnadel as independent attorney at law, Frotz Riedl Rechtsanw\u00e4lte is strengthened from within its own ranks. Johannes Schr\u00f6cksnadel has been working in the team of Georg Riedl since 2019 and was recently registered as an attorney at the Vienna Bar. His areas of expertise are in dispute resolution and corporate...","og_url":"https:\/\/www.frra.at\/en\/johannes-schroecksnadel-strengthens-frotz-riedl-rechtsanwaelte\/","og_site_name":"FRRA","article_published_time":"2023-01-19T10:57:50+00:00","og_image":[{"width":2560,"height":1920,"url":"https:\/\/www.frra.at\/wp\/wp-content\/uploads\/2023\/01\/Johannes_Dr.-Riedl-scaled.jpg","type":"image\/jpeg"}],"author":"Maria Pribila","twitter_card":"summary_large_image","twitter_misc":{"Written by":"Maria Pribila","Est. reading time":"1 minute"},"schema":{"@context":"https:\/\/schema.org","@graph":[{"@type":"Article","@id":"https:\/\/www.frra.at\/en\/johannes-schroecksnadel-strengthens-frotz-riedl-rechtsanwaelte\/#article","isPartOf":{"@id":"https:\/\/www.frra.at\/en\/johannes-schroecksnadel-strengthens-frotz-riedl-rechtsanwaelte\/"},"author":{"name":"Maria Pribila","@id":"https:\/\/www.frra.at\/en\/#\/schema\/person\/359c78f9f5f397c61fb9e417910d4aaa"},"headline":"Johannes Schr\u00f6cksnadel strengthens Frotz Riedl Rechtsanw\u00e4lte","datePublished":"2023-01-19T10:57:50+00:00","mainEntityOfPage":{"@id":"https:\/\/www.frra.at\/en\/johannes-schroecksnadel-strengthens-frotz-riedl-rechtsanwaelte\/"},"wordCount":118,"commentCount":0,"publisher":{"@id":"https:\/\/www.frra.at\/en\/#organization"},"image":{"@id":"https:\/\/www.frra.at\/en\/johannes-schroecksnadel-strengthens-frotz-riedl-rechtsanwaelte\/#primaryimage"},"thumbnailUrl":"https:\/\/www.frra.at\/wp\/wp-content\/uploads\/2023\/01\/Johannes_Dr.-Riedl-scaled.jpg","inLanguage":"en-US","potentialAction":[{"@type":"CommentAction","name":"Comment","target":["https:\/\/www.frra.at\/en\/johannes-schroecksnadel-strengthens-frotz-riedl-rechtsanwaelte\/#respond"]}]},{"@type":"WebPage","@id":"https:\/\/www.frra.at\/en\/johannes-schroecksnadel-strengthens-frotz-riedl-rechtsanwaelte\/","url":"https:\/\/www.frra.at\/en\/johannes-schroecksnadel-strengthens-frotz-riedl-rechtsanwaelte\/","name":"Johannes Schr\u00f6cksnadel strengthens Frotz Riedl Rechtsanw\u00e4lte - FRRA","isPartOf":{"@id":"https:\/\/www.frra.at\/en\/#website"},"primaryImageOfPage":{"@id":"https:\/\/www.frra.at\/en\/johannes-schroecksnadel-strengthens-frotz-riedl-rechtsanwaelte\/#primaryimage"},"image":{"@id":"https:\/\/www.frra.at\/en\/johannes-schroecksnadel-strengthens-frotz-riedl-rechtsanwaelte\/#primaryimage"},"thumbnailUrl":"https:\/\/www.frra.at\/wp\/wp-content\/uploads\/2023\/01\/Johannes_Dr.-Riedl-scaled.jpg","datePublished":"2023-01-19T10:57:50+00:00","breadcrumb":{"@id":"https:\/\/www.frra.at\/en\/johannes-schroecksnadel-strengthens-frotz-riedl-rechtsanwaelte\/#breadcrumb"},"inLanguage":"en-US","potentialAction":[{"@type":"ReadAction","target":["https:\/\/www.frra.at\/en\/johannes-schroecksnadel-strengthens-frotz-riedl-rechtsanwaelte\/"]}]},{"@type":"ImageObject","inLanguage":"en-US","@id":"https:\/\/www.frra.at\/en\/johannes-schroecksnadel-strengthens-frotz-riedl-rechtsanwaelte\/#primaryimage","url":"https:\/\/www.frra.at\/wp\/wp-content\/uploads\/2023\/01\/Johannes_Dr.-Riedl-scaled.jpg","contentUrl":"https:\/\/www.frra.at\/wp\/wp-content\/uploads\/2023\/01\/Johannes_Dr.-Riedl-scaled.jpg","width":2560,"height":1920,"caption":"www.bernhardschramm.com"},{"@type":"BreadcrumbList","@id":"https:\/\/www.frra.at\/en\/johannes-schroecksnadel-strengthens-frotz-riedl-rechtsanwaelte\/#breadcrumb","itemListElement":[{"@type":"ListItem","position":1,"name":"Startseite","item":"https:\/\/www.frra.at\/en\/"},{"@type":"ListItem","position":2,"name":"Johannes Schr\u00f6cksnadel strengthens Frotz Riedl Rechtsanw\u00e4lte"}]},{"@type":"WebSite","@id":"https:\/\/www.frra.at\/en\/#website","url":"https:\/\/www.frra.at\/en\/","name":"FRRA","description":"Kompetenz, die \u00fcberzeugt.","publisher":{"@id":"https:\/\/www.frra.at\/en\/#organization"},"potentialAction":[{"@type":"SearchAction","target":{"@type":"EntryPoint","urlTemplate":"https:\/\/www.frra.at\/en\/?s={search_term_string}"},"query-input":{"@type":"PropertyValueSpecification","valueRequired":true,"valueName":"search_term_string"}}],"inLanguage":"en-US"},{"@type":"Organization","@id":"https:\/\/www.frra.at\/en\/#organization","name":"Frotz Riedl Rechtsanw\u00e4lte","url":"https:\/\/www.frra.at\/en\/","logo":{"@type":"ImageObject","inLanguage":"en-US","@id":"https:\/\/www.frra.at\/en\/#\/schema\/logo\/image\/","url":"https:\/\/www.frra.at\/wp\/wp-content\/uploads\/2021\/04\/Frotz-Riedl-Rechtsanwaelte-Logo-500x50-1.png","contentUrl":"https:\/\/www.frra.at\/wp\/wp-content\/uploads\/2021\/04\/Frotz-Riedl-Rechtsanwaelte-Logo-500x50-1.png","width":500,"height":50,"caption":"Frotz Riedl Rechtsanw\u00e4lte"},"image":{"@id":"https:\/\/www.frra.at\/en\/#\/schema\/logo\/image\/"}},{"@type":"Person","@id":"https:\/\/www.frra.at\/en\/#\/schema\/person\/359c78f9f5f397c61fb9e417910d4aaa","name":"Maria Pribila","image":{"@type":"ImageObject","inLanguage":"en-US","@id":"https:\/\/www.frra.at\/en\/#\/schema\/person\/image\/","url":"https:\/\/secure.gravatar.com\/avatar\/5e4857bb3b7b73963b9a9d20ad1fd4b9?s=96&d=mm&r=g","contentUrl":"https:\/\/secure.gravatar.com\/avatar\/5e4857bb3b7b73963b9a9d20ad1fd4b9?s=96&d=mm&r=g","caption":"Maria Pribila"},"sameAs":["http:\/\/frra.at"],"url":"https:\/\/www.frra.at\/en\/author\/mpribila_t7k91254\/"}]}},"_links":{"self":[{"href":"https:\/\/www.frra.at\/en\/wp-json\/wp\/v2\/posts\/3587","targetHints":{"allow":["GET"]}}],"collection":[{"href":"https:\/\/www.frra.at\/en\/wp-json\/wp\/v2\/posts"}],"about":[{"href":"https:\/\/www.frra.at\/en\/wp-json\/wp\/v2\/types\/post"}],"author":[{"embeddable":true,"href":"https:\/\/www.frra.at\/en\/wp-json\/wp\/v2\/users\/6"}],"replies":[{"embeddable":true,"href":"https:\/\/www.frra.at\/en\/wp-json\/wp\/v2\/comments?post=3587"}],"version-history":[{"count":1,"href":"https:\/\/www.frra.at\/en\/wp-json\/wp\/v2\/posts\/3587\/revisions"}],"predecessor-version":[{"id":3588,"href":"https:\/\/www.frra.at\/en\/wp-json\/wp\/v2\/posts\/3587\/revisions\/3588"}],"wp:featuredmedia":[{"embeddable":true,"href":"https:\/\/www.frra.at\/en\/wp-json\/wp\/v2\/media\/3584"}],"wp:attachment":[{"href":"https:\/\/www.frra.at\/en\/wp-json\/wp\/v2\/media?parent=3587"}],"wp:term":[{"taxonomy":"category","embeddable":true,"href":"https:\/\/www.frra.at\/en\/wp-json\/wp\/v2\/categories?post=3587"},{"taxonomy":"post_tag","embeddable":true,"href":"https:\/\/www.frra.at\/en\/wp-json\/wp\/v2\/tags?post=3587"}],"curies":[{"name":"wp","href":"https:\/\/api.w.org\/{rel}","templated":true}]}}