{"id":4757,"date":"2025-03-21T10:56:38","date_gmt":"2025-03-21T10:56:38","guid":{"rendered":"https:\/\/www.frra.at\/?p=4757"},"modified":"2025-03-21T10:56:38","modified_gmt":"2025-03-21T10:56:38","slug":"growth-process-frotz-rechtsanwaelte-og-appoints-two-partners-and-expands-the-team-by-one-attorney-at-law","status":"publish","type":"post","link":"https:\/\/www.frra.at\/en\/growth-process-frotz-rechtsanwaelte-og-appoints-two-partners-and-expands-the-team-by-one-attorney-at-law\/","title":{"rendered":"Growth Process: Frotz Rechtsanw\u00e4lte OG appoints two partners and expands the team by one attorney at law"},"content":{"rendered":"<p>Frotz Rechtsanw\u00e4lte OG is committed on growth from its own ranks and expands its partner team: Stefan Hammerschmidt and Florian W\u00fcnscher were appointed as Contract Partners with effect as of 1 January 2025. Nikolaus Feldscher joined the team around founding partners Stephan Frotz, Clemens Spitznagel and Paul Sch\u00f6rghofer as a further attorney at law on 19 March 2025. Frotz Rechtsanw\u00e4lte OG thereby underlines its position as one of the leading Austrian law firms in commercial law with a strong focus on corporate law.<\/p>\n<p>Stefan Hammerschmidt (35) completed his doctorate in corporate law in 2015 (\u2018Board responsibility for financial investments in the joint-stock company\u2019) and also studied business law (LL.B. 2012). In March 2022 he joined Frotz Rechtsanw\u00e4lte OG as an attorney at law, having previously worked for several years for well-known law firms in Vienna and Linz. He supports his clients in all matters of corporate law, including reorganisations and M&amp;A projects. Furthermore, Stefan Hammerschmidt advises on private higher education law and also has extensive expertise in this area.<\/p>\n<p>Florian W\u00fcnscher (35) studied law at the University of Graz (Mag. iur. 2015), completed a master&#8217;s degree in international business law at Queen Mary University of London (LL.M. 2016) and is currently undertaking his doctorate in corporate law at the Vienna University of Economics and Business. He has been part of the team at Frotz Rechtsanw\u00e4lte OG since April 2022; prior to that, he worked for several years at an international commercial law firm and as an in-house counsel in Vienna. His practice also focuses on all areas of corporate law including M&amp;A as well as venture capital and private equity transactions, additionally, with a particular focus on contentious corporate law. A further area of expertise of Florian W\u00fcnscher is advising and representing national and international clients in court and arbitration proceedings. He regularly publishes in his areas of expertise and is the editor of a commentary on the Flexible Companies Act.<\/p>\n<p>Nikolaus Feldscher (29) studied law at the University of Vienna (Mag. iur. 2018, Dr. iur. 2025 \u2018The acquisition of fruits by the bona fide possessor\u2019), the Vienna University of Economics and Business (LL.B. 2019) and the University of Oxford (MJur 2021), where he received multiple awards. He joined Frotz Rechtsanw\u00e4lte OG as an associate in October 2024 and has been strengthening the team as an attorney at law since March 2025, having previously gained several years of experience in an international commercial law firm in the areas of corporate and reorganisation law, shareholder disputes, M&amp;A and commercial law. Nikolaus Feldscher is also specialised in banking law, in particular regulatory banking law, and private foundation law.<\/p>\n","protected":false},"excerpt":{"rendered":"<p>Frotz Rechtsanw\u00e4lte OG is committed on growth from its own ranks and expands its partner team: Stefan Hammerschmidt and Florian W\u00fcnscher were appointed as Contract Partners with effect as of 1 January 2025. Nikolaus Feldscher joined the team around founding partners Stephan Frotz, Clemens Spitznagel and Paul Sch\u00f6rghofer as a further attorney at law on&#8230;<\/p>\n","protected":false},"author":6,"featured_media":4755,"comment_status":"open","ping_status":"open","sticky":false,"template":"","format":"standard","meta":{"footnotes":""},"categories":[20],"tags":[],"class_list":["post-4757","post","type-post","status-publish","format-standard","has-post-thumbnail","hentry","category-uncategorized"],"yoast_head":"<!-- This site is optimized with the Yoast SEO plugin v26.3 - https:\/\/yoast.com\/wordpress\/plugins\/seo\/ -->\n<title>Growth Process: Frotz Rechtsanw\u00e4lte OG appoints two partners and expands the team by one attorney at law - FRRA<\/title>\n<meta name=\"robots\" content=\"index, follow, max-snippet:-1, max-image-preview:large, max-video-preview:-1\" \/>\n<link rel=\"canonical\" href=\"https:\/\/www.frra.at\/en\/growth-process-frotz-rechtsanwaelte-og-appoints-two-partners-and-expands-the-team-by-one-attorney-at-law\/\" \/>\n<meta property=\"og:locale\" content=\"en_US\" \/>\n<meta property=\"og:type\" content=\"article\" \/>\n<meta property=\"og:title\" content=\"Growth Process: Frotz Rechtsanw\u00e4lte OG appoints two partners and expands the team by one attorney at law - FRRA\" \/>\n<meta property=\"og:description\" content=\"Frotz Rechtsanw\u00e4lte OG is committed on growth from its own ranks and expands its partner team: Stefan Hammerschmidt and Florian W\u00fcnscher were appointed as Contract Partners with effect as of 1 January 2025. Nikolaus Feldscher joined the team around founding partners Stephan Frotz, Clemens Spitznagel and Paul Sch\u00f6rghofer as a further attorney at law on...\" \/>\n<meta property=\"og:url\" content=\"https:\/\/www.frra.at\/en\/growth-process-frotz-rechtsanwaelte-og-appoints-two-partners-and-expands-the-team-by-one-attorney-at-law\/\" \/>\n<meta property=\"og:site_name\" content=\"FRRA\" \/>\n<meta property=\"article:published_time\" content=\"2025-03-21T10:56:38+00:00\" \/>\n<meta property=\"og:image\" content=\"https:\/\/www.frra.at\/wp\/wp-content\/uploads\/2025\/03\/DSF6120-scaled.jpg\" \/>\n\t<meta property=\"og:image:width\" content=\"2560\" \/>\n\t<meta property=\"og:image:height\" content=\"1920\" \/>\n\t<meta property=\"og:image:type\" content=\"image\/jpeg\" \/>\n<meta name=\"author\" content=\"Maria Pribila\" \/>\n<meta name=\"twitter:card\" content=\"summary_large_image\" \/>\n<meta name=\"twitter:label1\" content=\"Written by\" \/>\n\t<meta name=\"twitter:data1\" content=\"Maria Pribila\" \/>\n\t<meta name=\"twitter:label2\" content=\"Est. reading time\" \/>\n\t<meta name=\"twitter:data2\" content=\"3 minutes\" \/>\n<script type=\"application\/ld+json\" class=\"yoast-schema-graph\">{\"@context\":\"https:\/\/schema.org\",\"@graph\":[{\"@type\":\"Article\",\"@id\":\"https:\/\/www.frra.at\/en\/growth-process-frotz-rechtsanwaelte-og-appoints-two-partners-and-expands-the-team-by-one-attorney-at-law\/#article\",\"isPartOf\":{\"@id\":\"https:\/\/www.frra.at\/en\/growth-process-frotz-rechtsanwaelte-og-appoints-two-partners-and-expands-the-team-by-one-attorney-at-law\/\"},\"author\":{\"name\":\"Maria Pribila\",\"@id\":\"https:\/\/www.frra.at\/en\/#\/schema\/person\/359c78f9f5f397c61fb9e417910d4aaa\"},\"headline\":\"Growth Process: Frotz Rechtsanw\u00e4lte OG appoints two partners and expands the team by one attorney at law\",\"datePublished\":\"2025-03-21T10:56:38+00:00\",\"mainEntityOfPage\":{\"@id\":\"https:\/\/www.frra.at\/en\/growth-process-frotz-rechtsanwaelte-og-appoints-two-partners-and-expands-the-team-by-one-attorney-at-law\/\"},\"wordCount\":453,\"commentCount\":0,\"publisher\":{\"@id\":\"https:\/\/www.frra.at\/en\/#organization\"},\"image\":{\"@id\":\"https:\/\/www.frra.at\/en\/growth-process-frotz-rechtsanwaelte-og-appoints-two-partners-and-expands-the-team-by-one-attorney-at-law\/#primaryimage\"},\"thumbnailUrl\":\"https:\/\/www.frra.at\/wp\/wp-content\/uploads\/2025\/03\/DSF6120-scaled.jpg\",\"inLanguage\":\"en-US\",\"potentialAction\":[{\"@type\":\"CommentAction\",\"name\":\"Comment\",\"target\":[\"https:\/\/www.frra.at\/en\/growth-process-frotz-rechtsanwaelte-og-appoints-two-partners-and-expands-the-team-by-one-attorney-at-law\/#respond\"]}]},{\"@type\":\"WebPage\",\"@id\":\"https:\/\/www.frra.at\/en\/growth-process-frotz-rechtsanwaelte-og-appoints-two-partners-and-expands-the-team-by-one-attorney-at-law\/\",\"url\":\"https:\/\/www.frra.at\/en\/growth-process-frotz-rechtsanwaelte-og-appoints-two-partners-and-expands-the-team-by-one-attorney-at-law\/\",\"name\":\"Growth Process: Frotz Rechtsanw\u00e4lte OG appoints two partners and expands the team by one attorney at law - FRRA\",\"isPartOf\":{\"@id\":\"https:\/\/www.frra.at\/en\/#website\"},\"primaryImageOfPage\":{\"@id\":\"https:\/\/www.frra.at\/en\/growth-process-frotz-rechtsanwaelte-og-appoints-two-partners-and-expands-the-team-by-one-attorney-at-law\/#primaryimage\"},\"image\":{\"@id\":\"https:\/\/www.frra.at\/en\/growth-process-frotz-rechtsanwaelte-og-appoints-two-partners-and-expands-the-team-by-one-attorney-at-law\/#primaryimage\"},\"thumbnailUrl\":\"https:\/\/www.frra.at\/wp\/wp-content\/uploads\/2025\/03\/DSF6120-scaled.jpg\",\"datePublished\":\"2025-03-21T10:56:38+00:00\",\"breadcrumb\":{\"@id\":\"https:\/\/www.frra.at\/en\/growth-process-frotz-rechtsanwaelte-og-appoints-two-partners-and-expands-the-team-by-one-attorney-at-law\/#breadcrumb\"},\"inLanguage\":\"en-US\",\"potentialAction\":[{\"@type\":\"ReadAction\",\"target\":[\"https:\/\/www.frra.at\/en\/growth-process-frotz-rechtsanwaelte-og-appoints-two-partners-and-expands-the-team-by-one-attorney-at-law\/\"]}]},{\"@type\":\"ImageObject\",\"inLanguage\":\"en-US\",\"@id\":\"https:\/\/www.frra.at\/en\/growth-process-frotz-rechtsanwaelte-og-appoints-two-partners-and-expands-the-team-by-one-attorney-at-law\/#primaryimage\",\"url\":\"https:\/\/www.frra.at\/wp\/wp-content\/uploads\/2025\/03\/DSF6120-scaled.jpg\",\"contentUrl\":\"https:\/\/www.frra.at\/wp\/wp-content\/uploads\/2025\/03\/DSF6120-scaled.jpg\",\"width\":2560,\"height\":1920,\"caption\":\"www.bernhardschramm.at\"},{\"@type\":\"BreadcrumbList\",\"@id\":\"https:\/\/www.frra.at\/en\/growth-process-frotz-rechtsanwaelte-og-appoints-two-partners-and-expands-the-team-by-one-attorney-at-law\/#breadcrumb\",\"itemListElement\":[{\"@type\":\"ListItem\",\"position\":1,\"name\":\"Startseite\",\"item\":\"https:\/\/www.frra.at\/en\/\"},{\"@type\":\"ListItem\",\"position\":2,\"name\":\"Growth Process: Frotz Rechtsanw\u00e4lte OG appoints two partners and expands the team by one attorney at law\"}]},{\"@type\":\"WebSite\",\"@id\":\"https:\/\/www.frra.at\/en\/#website\",\"url\":\"https:\/\/www.frra.at\/en\/\",\"name\":\"FRRA\",\"description\":\"Kompetenz, die \u00fcberzeugt.\",\"publisher\":{\"@id\":\"https:\/\/www.frra.at\/en\/#organization\"},\"potentialAction\":[{\"@type\":\"SearchAction\",\"target\":{\"@type\":\"EntryPoint\",\"urlTemplate\":\"https:\/\/www.frra.at\/en\/?s={search_term_string}\"},\"query-input\":{\"@type\":\"PropertyValueSpecification\",\"valueRequired\":true,\"valueName\":\"search_term_string\"}}],\"inLanguage\":\"en-US\"},{\"@type\":\"Organization\",\"@id\":\"https:\/\/www.frra.at\/en\/#organization\",\"name\":\"Frotz Riedl Rechtsanw\u00e4lte\",\"url\":\"https:\/\/www.frra.at\/en\/\",\"logo\":{\"@type\":\"ImageObject\",\"inLanguage\":\"en-US\",\"@id\":\"https:\/\/www.frra.at\/en\/#\/schema\/logo\/image\/\",\"url\":\"https:\/\/www.frra.at\/wp\/wp-content\/uploads\/2021\/04\/Frotz-Riedl-Rechtsanwaelte-Logo-500x50-1.png\",\"contentUrl\":\"https:\/\/www.frra.at\/wp\/wp-content\/uploads\/2021\/04\/Frotz-Riedl-Rechtsanwaelte-Logo-500x50-1.png\",\"width\":500,\"height\":50,\"caption\":\"Frotz Riedl Rechtsanw\u00e4lte\"},\"image\":{\"@id\":\"https:\/\/www.frra.at\/en\/#\/schema\/logo\/image\/\"}},{\"@type\":\"Person\",\"@id\":\"https:\/\/www.frra.at\/en\/#\/schema\/person\/359c78f9f5f397c61fb9e417910d4aaa\",\"name\":\"Maria Pribila\",\"image\":{\"@type\":\"ImageObject\",\"inLanguage\":\"en-US\",\"@id\":\"https:\/\/www.frra.at\/en\/#\/schema\/person\/image\/\",\"url\":\"https:\/\/secure.gravatar.com\/avatar\/5e4857bb3b7b73963b9a9d20ad1fd4b9?s=96&d=mm&r=g\",\"contentUrl\":\"https:\/\/secure.gravatar.com\/avatar\/5e4857bb3b7b73963b9a9d20ad1fd4b9?s=96&d=mm&r=g\",\"caption\":\"Maria Pribila\"},\"sameAs\":[\"http:\/\/frra.at\"],\"url\":\"https:\/\/www.frra.at\/en\/author\/mpribila_t7k91254\/\"}]}<\/script>\n<!-- \/ Yoast SEO plugin. -->","yoast_head_json":{"title":"Growth Process: Frotz Rechtsanw\u00e4lte OG appoints two partners and expands the team by one attorney at law - FRRA","robots":{"index":"index","follow":"follow","max-snippet":"max-snippet:-1","max-image-preview":"max-image-preview:large","max-video-preview":"max-video-preview:-1"},"canonical":"https:\/\/www.frra.at\/en\/growth-process-frotz-rechtsanwaelte-og-appoints-two-partners-and-expands-the-team-by-one-attorney-at-law\/","og_locale":"en_US","og_type":"article","og_title":"Growth Process: Frotz Rechtsanw\u00e4lte OG appoints two partners and expands the team by one attorney at law - FRRA","og_description":"Frotz Rechtsanw\u00e4lte OG is committed on growth from its own ranks and expands its partner team: Stefan Hammerschmidt and Florian W\u00fcnscher were appointed as Contract Partners with effect as of 1 January 2025. Nikolaus Feldscher joined the team around founding partners Stephan Frotz, Clemens Spitznagel and Paul Sch\u00f6rghofer as a further attorney at law on...","og_url":"https:\/\/www.frra.at\/en\/growth-process-frotz-rechtsanwaelte-og-appoints-two-partners-and-expands-the-team-by-one-attorney-at-law\/","og_site_name":"FRRA","article_published_time":"2025-03-21T10:56:38+00:00","og_image":[{"width":2560,"height":1920,"url":"https:\/\/www.frra.at\/wp\/wp-content\/uploads\/2025\/03\/DSF6120-scaled.jpg","type":"image\/jpeg"}],"author":"Maria Pribila","twitter_card":"summary_large_image","twitter_misc":{"Written by":"Maria Pribila","Est. reading time":"3 minutes"},"schema":{"@context":"https:\/\/schema.org","@graph":[{"@type":"Article","@id":"https:\/\/www.frra.at\/en\/growth-process-frotz-rechtsanwaelte-og-appoints-two-partners-and-expands-the-team-by-one-attorney-at-law\/#article","isPartOf":{"@id":"https:\/\/www.frra.at\/en\/growth-process-frotz-rechtsanwaelte-og-appoints-two-partners-and-expands-the-team-by-one-attorney-at-law\/"},"author":{"name":"Maria Pribila","@id":"https:\/\/www.frra.at\/en\/#\/schema\/person\/359c78f9f5f397c61fb9e417910d4aaa"},"headline":"Growth Process: Frotz Rechtsanw\u00e4lte OG appoints two partners and expands the team by one attorney at law","datePublished":"2025-03-21T10:56:38+00:00","mainEntityOfPage":{"@id":"https:\/\/www.frra.at\/en\/growth-process-frotz-rechtsanwaelte-og-appoints-two-partners-and-expands-the-team-by-one-attorney-at-law\/"},"wordCount":453,"commentCount":0,"publisher":{"@id":"https:\/\/www.frra.at\/en\/#organization"},"image":{"@id":"https:\/\/www.frra.at\/en\/growth-process-frotz-rechtsanwaelte-og-appoints-two-partners-and-expands-the-team-by-one-attorney-at-law\/#primaryimage"},"thumbnailUrl":"https:\/\/www.frra.at\/wp\/wp-content\/uploads\/2025\/03\/DSF6120-scaled.jpg","inLanguage":"en-US","potentialAction":[{"@type":"CommentAction","name":"Comment","target":["https:\/\/www.frra.at\/en\/growth-process-frotz-rechtsanwaelte-og-appoints-two-partners-and-expands-the-team-by-one-attorney-at-law\/#respond"]}]},{"@type":"WebPage","@id":"https:\/\/www.frra.at\/en\/growth-process-frotz-rechtsanwaelte-og-appoints-two-partners-and-expands-the-team-by-one-attorney-at-law\/","url":"https:\/\/www.frra.at\/en\/growth-process-frotz-rechtsanwaelte-og-appoints-two-partners-and-expands-the-team-by-one-attorney-at-law\/","name":"Growth Process: Frotz Rechtsanw\u00e4lte OG appoints two partners and expands the team by one attorney at law - FRRA","isPartOf":{"@id":"https:\/\/www.frra.at\/en\/#website"},"primaryImageOfPage":{"@id":"https:\/\/www.frra.at\/en\/growth-process-frotz-rechtsanwaelte-og-appoints-two-partners-and-expands-the-team-by-one-attorney-at-law\/#primaryimage"},"image":{"@id":"https:\/\/www.frra.at\/en\/growth-process-frotz-rechtsanwaelte-og-appoints-two-partners-and-expands-the-team-by-one-attorney-at-law\/#primaryimage"},"thumbnailUrl":"https:\/\/www.frra.at\/wp\/wp-content\/uploads\/2025\/03\/DSF6120-scaled.jpg","datePublished":"2025-03-21T10:56:38+00:00","breadcrumb":{"@id":"https:\/\/www.frra.at\/en\/growth-process-frotz-rechtsanwaelte-og-appoints-two-partners-and-expands-the-team-by-one-attorney-at-law\/#breadcrumb"},"inLanguage":"en-US","potentialAction":[{"@type":"ReadAction","target":["https:\/\/www.frra.at\/en\/growth-process-frotz-rechtsanwaelte-og-appoints-two-partners-and-expands-the-team-by-one-attorney-at-law\/"]}]},{"@type":"ImageObject","inLanguage":"en-US","@id":"https:\/\/www.frra.at\/en\/growth-process-frotz-rechtsanwaelte-og-appoints-two-partners-and-expands-the-team-by-one-attorney-at-law\/#primaryimage","url":"https:\/\/www.frra.at\/wp\/wp-content\/uploads\/2025\/03\/DSF6120-scaled.jpg","contentUrl":"https:\/\/www.frra.at\/wp\/wp-content\/uploads\/2025\/03\/DSF6120-scaled.jpg","width":2560,"height":1920,"caption":"www.bernhardschramm.at"},{"@type":"BreadcrumbList","@id":"https:\/\/www.frra.at\/en\/growth-process-frotz-rechtsanwaelte-og-appoints-two-partners-and-expands-the-team-by-one-attorney-at-law\/#breadcrumb","itemListElement":[{"@type":"ListItem","position":1,"name":"Startseite","item":"https:\/\/www.frra.at\/en\/"},{"@type":"ListItem","position":2,"name":"Growth Process: Frotz Rechtsanw\u00e4lte OG appoints two partners and expands the team by one attorney at law"}]},{"@type":"WebSite","@id":"https:\/\/www.frra.at\/en\/#website","url":"https:\/\/www.frra.at\/en\/","name":"FRRA","description":"Kompetenz, die \u00fcberzeugt.","publisher":{"@id":"https:\/\/www.frra.at\/en\/#organization"},"potentialAction":[{"@type":"SearchAction","target":{"@type":"EntryPoint","urlTemplate":"https:\/\/www.frra.at\/en\/?s={search_term_string}"},"query-input":{"@type":"PropertyValueSpecification","valueRequired":true,"valueName":"search_term_string"}}],"inLanguage":"en-US"},{"@type":"Organization","@id":"https:\/\/www.frra.at\/en\/#organization","name":"Frotz Riedl Rechtsanw\u00e4lte","url":"https:\/\/www.frra.at\/en\/","logo":{"@type":"ImageObject","inLanguage":"en-US","@id":"https:\/\/www.frra.at\/en\/#\/schema\/logo\/image\/","url":"https:\/\/www.frra.at\/wp\/wp-content\/uploads\/2021\/04\/Frotz-Riedl-Rechtsanwaelte-Logo-500x50-1.png","contentUrl":"https:\/\/www.frra.at\/wp\/wp-content\/uploads\/2021\/04\/Frotz-Riedl-Rechtsanwaelte-Logo-500x50-1.png","width":500,"height":50,"caption":"Frotz Riedl Rechtsanw\u00e4lte"},"image":{"@id":"https:\/\/www.frra.at\/en\/#\/schema\/logo\/image\/"}},{"@type":"Person","@id":"https:\/\/www.frra.at\/en\/#\/schema\/person\/359c78f9f5f397c61fb9e417910d4aaa","name":"Maria Pribila","image":{"@type":"ImageObject","inLanguage":"en-US","@id":"https:\/\/www.frra.at\/en\/#\/schema\/person\/image\/","url":"https:\/\/secure.gravatar.com\/avatar\/5e4857bb3b7b73963b9a9d20ad1fd4b9?s=96&d=mm&r=g","contentUrl":"https:\/\/secure.gravatar.com\/avatar\/5e4857bb3b7b73963b9a9d20ad1fd4b9?s=96&d=mm&r=g","caption":"Maria Pribila"},"sameAs":["http:\/\/frra.at"],"url":"https:\/\/www.frra.at\/en\/author\/mpribila_t7k91254\/"}]}},"_links":{"self":[{"href":"https:\/\/www.frra.at\/en\/wp-json\/wp\/v2\/posts\/4757","targetHints":{"allow":["GET"]}}],"collection":[{"href":"https:\/\/www.frra.at\/en\/wp-json\/wp\/v2\/posts"}],"about":[{"href":"https:\/\/www.frra.at\/en\/wp-json\/wp\/v2\/types\/post"}],"author":[{"embeddable":true,"href":"https:\/\/www.frra.at\/en\/wp-json\/wp\/v2\/users\/6"}],"replies":[{"embeddable":true,"href":"https:\/\/www.frra.at\/en\/wp-json\/wp\/v2\/comments?post=4757"}],"version-history":[{"count":1,"href":"https:\/\/www.frra.at\/en\/wp-json\/wp\/v2\/posts\/4757\/revisions"}],"predecessor-version":[{"id":4758,"href":"https:\/\/www.frra.at\/en\/wp-json\/wp\/v2\/posts\/4757\/revisions\/4758"}],"wp:featuredmedia":[{"embeddable":true,"href":"https:\/\/www.frra.at\/en\/wp-json\/wp\/v2\/media\/4755"}],"wp:attachment":[{"href":"https:\/\/www.frra.at\/en\/wp-json\/wp\/v2\/media?parent=4757"}],"wp:term":[{"taxonomy":"category","embeddable":true,"href":"https:\/\/www.frra.at\/en\/wp-json\/wp\/v2\/categories?post=4757"},{"taxonomy":"post_tag","embeddable":true,"href":"https:\/\/www.frra.at\/en\/wp-json\/wp\/v2\/tags?post=4757"}],"curies":[{"name":"wp","href":"https:\/\/api.w.org\/{rel}","templated":true}]}}