{"id":4766,"date":"2025-04-01T06:25:17","date_gmt":"2025-04-01T06:25:17","guid":{"rendered":"https:\/\/www.frra.at\/?p=4766"},"modified":"2025-04-01T06:25:17","modified_gmt":"2025-04-01T06:25:17","slug":"law-firm-alliance-european-summit-2025","status":"publish","type":"post","link":"https:\/\/www.frra.at\/en\/law-firm-alliance-european-summit-2025\/","title":{"rendered":"Law Firm Alliance European Summit 2025"},"content":{"rendered":"<p>At this year&#8217;s Law Firm Alliance European Summit in Zurich, hosted by Rappold K\u00f6hli Rechtsanw\u00e4lte AG, FRRA was represented by Paul Sch\u00f6rghofer and Florian W\u00fcnscher. With representatives from 17 countries, it was the largest event of its kind to date. Paul Sch\u00f6rghofer spoke as a panellist about his experiences with cross-border corporate mobility from the perspective of Austrian and European corporate law.<\/p>\n<p>As part of the great social programme of the summit, there was also plenty of time to network with the participants from our partner law firms.<\/p>\n<p>The Law Firm Alliance is a global network of independent mid-sized law firms established to provide clients with better access to high-quality and cost-effective legal services. Founded in 2000, the Law Firm Alliance&#8217;s strength lies in the combined experience of over 50 firms and 2,500 lawyers across North America, South America, Europe and Asia.<\/p>\n<p><img loading=\"lazy\" decoding=\"async\" class=\"alignnone size-medium wp-image-4762\" src=\"https:\/\/www.frra.at\/wp\/wp-content\/uploads\/2025\/04\/Paul-LFA-2025-300x192.png\" alt=\"\" width=\"300\" height=\"192\" srcset=\"https:\/\/www.frra.at\/wp\/wp-content\/uploads\/2025\/04\/Paul-LFA-2025-300x192.png 300w, https:\/\/www.frra.at\/wp\/wp-content\/uploads\/2025\/04\/Paul-LFA-2025-600x384.png 600w, https:\/\/www.frra.at\/wp\/wp-content\/uploads\/2025\/04\/Paul-LFA-2025.png 774w\" sizes=\"auto, (max-width: 300px) 100vw, 300px\" \/><\/p>\n","protected":false},"excerpt":{"rendered":"<p>At this year&#8217;s Law Firm Alliance European Summit in Zurich, hosted by Rappold K\u00f6hli Rechtsanw\u00e4lte AG, FRRA was represented by Paul Sch\u00f6rghofer and Florian W\u00fcnscher. With representatives from 17 countries, it was the largest event of its kind to date. Paul Sch\u00f6rghofer spoke as a panellist about his experiences with cross-border corporate mobility from the&#8230;<\/p>\n","protected":false},"author":6,"featured_media":4764,"comment_status":"open","ping_status":"open","sticky":false,"template":"","format":"standard","meta":{"footnotes":""},"categories":[20],"tags":[],"class_list":["post-4766","post","type-post","status-publish","format-standard","has-post-thumbnail","hentry","category-uncategorized"],"yoast_head":"<!-- This site is optimized with the Yoast SEO plugin v26.3 - https:\/\/yoast.com\/wordpress\/plugins\/seo\/ -->\n<title>Law Firm Alliance European Summit 2025 - FRRA<\/title>\n<meta name=\"robots\" content=\"index, follow, max-snippet:-1, max-image-preview:large, max-video-preview:-1\" \/>\n<link rel=\"canonical\" href=\"https:\/\/www.frra.at\/en\/law-firm-alliance-european-summit-2025\/\" \/>\n<meta property=\"og:locale\" content=\"en_US\" \/>\n<meta property=\"og:type\" content=\"article\" \/>\n<meta property=\"og:title\" content=\"Law Firm Alliance European Summit 2025 - FRRA\" \/>\n<meta property=\"og:description\" content=\"At this year&#8217;s Law Firm Alliance European Summit in Zurich, hosted by Rappold K\u00f6hli Rechtsanw\u00e4lte AG, FRRA was represented by Paul Sch\u00f6rghofer and Florian W\u00fcnscher. With representatives from 17 countries, it was the largest event of its kind to date. Paul Sch\u00f6rghofer spoke as a panellist about his experiences with cross-border corporate mobility from the...\" \/>\n<meta property=\"og:url\" content=\"https:\/\/www.frra.at\/en\/law-firm-alliance-european-summit-2025\/\" \/>\n<meta property=\"og:site_name\" content=\"FRRA\" \/>\n<meta property=\"article:published_time\" content=\"2025-04-01T06:25:17+00:00\" \/>\n<meta property=\"og:image\" content=\"https:\/\/www.frra.at\/wp\/wp-content\/uploads\/2025\/04\/WhatsApp-Image-2025-03-31-at-10.16.17.jpeg\" \/>\n\t<meta property=\"og:image:width\" content=\"1200\" \/>\n\t<meta property=\"og:image:height\" content=\"1600\" \/>\n\t<meta property=\"og:image:type\" content=\"image\/jpeg\" \/>\n<meta name=\"author\" content=\"Maria Pribila\" \/>\n<meta name=\"twitter:card\" content=\"summary_large_image\" \/>\n<meta name=\"twitter:label1\" content=\"Written by\" \/>\n\t<meta name=\"twitter:data1\" content=\"Maria Pribila\" \/>\n\t<meta name=\"twitter:label2\" content=\"Est. reading time\" \/>\n\t<meta name=\"twitter:data2\" content=\"2 minutes\" \/>\n<script type=\"application\/ld+json\" class=\"yoast-schema-graph\">{\"@context\":\"https:\/\/schema.org\",\"@graph\":[{\"@type\":\"Article\",\"@id\":\"https:\/\/www.frra.at\/en\/law-firm-alliance-european-summit-2025\/#article\",\"isPartOf\":{\"@id\":\"https:\/\/www.frra.at\/en\/law-firm-alliance-european-summit-2025\/\"},\"author\":{\"name\":\"Maria Pribila\",\"@id\":\"https:\/\/www.frra.at\/en\/#\/schema\/person\/359c78f9f5f397c61fb9e417910d4aaa\"},\"headline\":\"Law Firm Alliance European Summit 2025\",\"datePublished\":\"2025-04-01T06:25:17+00:00\",\"mainEntityOfPage\":{\"@id\":\"https:\/\/www.frra.at\/en\/law-firm-alliance-european-summit-2025\/\"},\"wordCount\":148,\"commentCount\":0,\"publisher\":{\"@id\":\"https:\/\/www.frra.at\/en\/#organization\"},\"image\":{\"@id\":\"https:\/\/www.frra.at\/en\/law-firm-alliance-european-summit-2025\/#primaryimage\"},\"thumbnailUrl\":\"https:\/\/www.frra.at\/wp\/wp-content\/uploads\/2025\/04\/WhatsApp-Image-2025-03-31-at-10.16.17.jpeg\",\"inLanguage\":\"en-US\",\"potentialAction\":[{\"@type\":\"CommentAction\",\"name\":\"Comment\",\"target\":[\"https:\/\/www.frra.at\/en\/law-firm-alliance-european-summit-2025\/#respond\"]}]},{\"@type\":\"WebPage\",\"@id\":\"https:\/\/www.frra.at\/en\/law-firm-alliance-european-summit-2025\/\",\"url\":\"https:\/\/www.frra.at\/en\/law-firm-alliance-european-summit-2025\/\",\"name\":\"Law Firm Alliance European Summit 2025 - FRRA\",\"isPartOf\":{\"@id\":\"https:\/\/www.frra.at\/en\/#website\"},\"primaryImageOfPage\":{\"@id\":\"https:\/\/www.frra.at\/en\/law-firm-alliance-european-summit-2025\/#primaryimage\"},\"image\":{\"@id\":\"https:\/\/www.frra.at\/en\/law-firm-alliance-european-summit-2025\/#primaryimage\"},\"thumbnailUrl\":\"https:\/\/www.frra.at\/wp\/wp-content\/uploads\/2025\/04\/WhatsApp-Image-2025-03-31-at-10.16.17.jpeg\",\"datePublished\":\"2025-04-01T06:25:17+00:00\",\"breadcrumb\":{\"@id\":\"https:\/\/www.frra.at\/en\/law-firm-alliance-european-summit-2025\/#breadcrumb\"},\"inLanguage\":\"en-US\",\"potentialAction\":[{\"@type\":\"ReadAction\",\"target\":[\"https:\/\/www.frra.at\/en\/law-firm-alliance-european-summit-2025\/\"]}]},{\"@type\":\"ImageObject\",\"inLanguage\":\"en-US\",\"@id\":\"https:\/\/www.frra.at\/en\/law-firm-alliance-european-summit-2025\/#primaryimage\",\"url\":\"https:\/\/www.frra.at\/wp\/wp-content\/uploads\/2025\/04\/WhatsApp-Image-2025-03-31-at-10.16.17.jpeg\",\"contentUrl\":\"https:\/\/www.frra.at\/wp\/wp-content\/uploads\/2025\/04\/WhatsApp-Image-2025-03-31-at-10.16.17.jpeg\",\"width\":1200,\"height\":1600},{\"@type\":\"BreadcrumbList\",\"@id\":\"https:\/\/www.frra.at\/en\/law-firm-alliance-european-summit-2025\/#breadcrumb\",\"itemListElement\":[{\"@type\":\"ListItem\",\"position\":1,\"name\":\"Startseite\",\"item\":\"https:\/\/www.frra.at\/en\/\"},{\"@type\":\"ListItem\",\"position\":2,\"name\":\"Law Firm Alliance European Summit 2025\"}]},{\"@type\":\"WebSite\",\"@id\":\"https:\/\/www.frra.at\/en\/#website\",\"url\":\"https:\/\/www.frra.at\/en\/\",\"name\":\"FRRA\",\"description\":\"Kompetenz, die \u00fcberzeugt.\",\"publisher\":{\"@id\":\"https:\/\/www.frra.at\/en\/#organization\"},\"potentialAction\":[{\"@type\":\"SearchAction\",\"target\":{\"@type\":\"EntryPoint\",\"urlTemplate\":\"https:\/\/www.frra.at\/en\/?s={search_term_string}\"},\"query-input\":{\"@type\":\"PropertyValueSpecification\",\"valueRequired\":true,\"valueName\":\"search_term_string\"}}],\"inLanguage\":\"en-US\"},{\"@type\":\"Organization\",\"@id\":\"https:\/\/www.frra.at\/en\/#organization\",\"name\":\"Frotz Riedl Rechtsanw\u00e4lte\",\"url\":\"https:\/\/www.frra.at\/en\/\",\"logo\":{\"@type\":\"ImageObject\",\"inLanguage\":\"en-US\",\"@id\":\"https:\/\/www.frra.at\/en\/#\/schema\/logo\/image\/\",\"url\":\"https:\/\/www.frra.at\/wp\/wp-content\/uploads\/2021\/04\/Frotz-Riedl-Rechtsanwaelte-Logo-500x50-1.png\",\"contentUrl\":\"https:\/\/www.frra.at\/wp\/wp-content\/uploads\/2021\/04\/Frotz-Riedl-Rechtsanwaelte-Logo-500x50-1.png\",\"width\":500,\"height\":50,\"caption\":\"Frotz Riedl Rechtsanw\u00e4lte\"},\"image\":{\"@id\":\"https:\/\/www.frra.at\/en\/#\/schema\/logo\/image\/\"}},{\"@type\":\"Person\",\"@id\":\"https:\/\/www.frra.at\/en\/#\/schema\/person\/359c78f9f5f397c61fb9e417910d4aaa\",\"name\":\"Maria Pribila\",\"image\":{\"@type\":\"ImageObject\",\"inLanguage\":\"en-US\",\"@id\":\"https:\/\/www.frra.at\/en\/#\/schema\/person\/image\/\",\"url\":\"https:\/\/secure.gravatar.com\/avatar\/5e4857bb3b7b73963b9a9d20ad1fd4b9?s=96&d=mm&r=g\",\"contentUrl\":\"https:\/\/secure.gravatar.com\/avatar\/5e4857bb3b7b73963b9a9d20ad1fd4b9?s=96&d=mm&r=g\",\"caption\":\"Maria Pribila\"},\"sameAs\":[\"http:\/\/frra.at\"],\"url\":\"https:\/\/www.frra.at\/en\/author\/mpribila_t7k91254\/\"}]}<\/script>\n<!-- \/ Yoast SEO plugin. -->","yoast_head_json":{"title":"Law Firm Alliance European Summit 2025 - FRRA","robots":{"index":"index","follow":"follow","max-snippet":"max-snippet:-1","max-image-preview":"max-image-preview:large","max-video-preview":"max-video-preview:-1"},"canonical":"https:\/\/www.frra.at\/en\/law-firm-alliance-european-summit-2025\/","og_locale":"en_US","og_type":"article","og_title":"Law Firm Alliance European Summit 2025 - FRRA","og_description":"At this year&#8217;s Law Firm Alliance European Summit in Zurich, hosted by Rappold K\u00f6hli Rechtsanw\u00e4lte AG, FRRA was represented by Paul Sch\u00f6rghofer and Florian W\u00fcnscher. With representatives from 17 countries, it was the largest event of its kind to date. Paul Sch\u00f6rghofer spoke as a panellist about his experiences with cross-border corporate mobility from the...","og_url":"https:\/\/www.frra.at\/en\/law-firm-alliance-european-summit-2025\/","og_site_name":"FRRA","article_published_time":"2025-04-01T06:25:17+00:00","og_image":[{"width":1200,"height":1600,"url":"https:\/\/www.frra.at\/wp\/wp-content\/uploads\/2025\/04\/WhatsApp-Image-2025-03-31-at-10.16.17.jpeg","type":"image\/jpeg"}],"author":"Maria Pribila","twitter_card":"summary_large_image","twitter_misc":{"Written by":"Maria Pribila","Est. reading time":"2 minutes"},"schema":{"@context":"https:\/\/schema.org","@graph":[{"@type":"Article","@id":"https:\/\/www.frra.at\/en\/law-firm-alliance-european-summit-2025\/#article","isPartOf":{"@id":"https:\/\/www.frra.at\/en\/law-firm-alliance-european-summit-2025\/"},"author":{"name":"Maria Pribila","@id":"https:\/\/www.frra.at\/en\/#\/schema\/person\/359c78f9f5f397c61fb9e417910d4aaa"},"headline":"Law Firm Alliance European Summit 2025","datePublished":"2025-04-01T06:25:17+00:00","mainEntityOfPage":{"@id":"https:\/\/www.frra.at\/en\/law-firm-alliance-european-summit-2025\/"},"wordCount":148,"commentCount":0,"publisher":{"@id":"https:\/\/www.frra.at\/en\/#organization"},"image":{"@id":"https:\/\/www.frra.at\/en\/law-firm-alliance-european-summit-2025\/#primaryimage"},"thumbnailUrl":"https:\/\/www.frra.at\/wp\/wp-content\/uploads\/2025\/04\/WhatsApp-Image-2025-03-31-at-10.16.17.jpeg","inLanguage":"en-US","potentialAction":[{"@type":"CommentAction","name":"Comment","target":["https:\/\/www.frra.at\/en\/law-firm-alliance-european-summit-2025\/#respond"]}]},{"@type":"WebPage","@id":"https:\/\/www.frra.at\/en\/law-firm-alliance-european-summit-2025\/","url":"https:\/\/www.frra.at\/en\/law-firm-alliance-european-summit-2025\/","name":"Law Firm Alliance European Summit 2025 - FRRA","isPartOf":{"@id":"https:\/\/www.frra.at\/en\/#website"},"primaryImageOfPage":{"@id":"https:\/\/www.frra.at\/en\/law-firm-alliance-european-summit-2025\/#primaryimage"},"image":{"@id":"https:\/\/www.frra.at\/en\/law-firm-alliance-european-summit-2025\/#primaryimage"},"thumbnailUrl":"https:\/\/www.frra.at\/wp\/wp-content\/uploads\/2025\/04\/WhatsApp-Image-2025-03-31-at-10.16.17.jpeg","datePublished":"2025-04-01T06:25:17+00:00","breadcrumb":{"@id":"https:\/\/www.frra.at\/en\/law-firm-alliance-european-summit-2025\/#breadcrumb"},"inLanguage":"en-US","potentialAction":[{"@type":"ReadAction","target":["https:\/\/www.frra.at\/en\/law-firm-alliance-european-summit-2025\/"]}]},{"@type":"ImageObject","inLanguage":"en-US","@id":"https:\/\/www.frra.at\/en\/law-firm-alliance-european-summit-2025\/#primaryimage","url":"https:\/\/www.frra.at\/wp\/wp-content\/uploads\/2025\/04\/WhatsApp-Image-2025-03-31-at-10.16.17.jpeg","contentUrl":"https:\/\/www.frra.at\/wp\/wp-content\/uploads\/2025\/04\/WhatsApp-Image-2025-03-31-at-10.16.17.jpeg","width":1200,"height":1600},{"@type":"BreadcrumbList","@id":"https:\/\/www.frra.at\/en\/law-firm-alliance-european-summit-2025\/#breadcrumb","itemListElement":[{"@type":"ListItem","position":1,"name":"Startseite","item":"https:\/\/www.frra.at\/en\/"},{"@type":"ListItem","position":2,"name":"Law Firm Alliance European Summit 2025"}]},{"@type":"WebSite","@id":"https:\/\/www.frra.at\/en\/#website","url":"https:\/\/www.frra.at\/en\/","name":"FRRA","description":"Kompetenz, die \u00fcberzeugt.","publisher":{"@id":"https:\/\/www.frra.at\/en\/#organization"},"potentialAction":[{"@type":"SearchAction","target":{"@type":"EntryPoint","urlTemplate":"https:\/\/www.frra.at\/en\/?s={search_term_string}"},"query-input":{"@type":"PropertyValueSpecification","valueRequired":true,"valueName":"search_term_string"}}],"inLanguage":"en-US"},{"@type":"Organization","@id":"https:\/\/www.frra.at\/en\/#organization","name":"Frotz Riedl Rechtsanw\u00e4lte","url":"https:\/\/www.frra.at\/en\/","logo":{"@type":"ImageObject","inLanguage":"en-US","@id":"https:\/\/www.frra.at\/en\/#\/schema\/logo\/image\/","url":"https:\/\/www.frra.at\/wp\/wp-content\/uploads\/2021\/04\/Frotz-Riedl-Rechtsanwaelte-Logo-500x50-1.png","contentUrl":"https:\/\/www.frra.at\/wp\/wp-content\/uploads\/2021\/04\/Frotz-Riedl-Rechtsanwaelte-Logo-500x50-1.png","width":500,"height":50,"caption":"Frotz Riedl Rechtsanw\u00e4lte"},"image":{"@id":"https:\/\/www.frra.at\/en\/#\/schema\/logo\/image\/"}},{"@type":"Person","@id":"https:\/\/www.frra.at\/en\/#\/schema\/person\/359c78f9f5f397c61fb9e417910d4aaa","name":"Maria Pribila","image":{"@type":"ImageObject","inLanguage":"en-US","@id":"https:\/\/www.frra.at\/en\/#\/schema\/person\/image\/","url":"https:\/\/secure.gravatar.com\/avatar\/5e4857bb3b7b73963b9a9d20ad1fd4b9?s=96&d=mm&r=g","contentUrl":"https:\/\/secure.gravatar.com\/avatar\/5e4857bb3b7b73963b9a9d20ad1fd4b9?s=96&d=mm&r=g","caption":"Maria Pribila"},"sameAs":["http:\/\/frra.at"],"url":"https:\/\/www.frra.at\/en\/author\/mpribila_t7k91254\/"}]}},"_links":{"self":[{"href":"https:\/\/www.frra.at\/en\/wp-json\/wp\/v2\/posts\/4766","targetHints":{"allow":["GET"]}}],"collection":[{"href":"https:\/\/www.frra.at\/en\/wp-json\/wp\/v2\/posts"}],"about":[{"href":"https:\/\/www.frra.at\/en\/wp-json\/wp\/v2\/types\/post"}],"author":[{"embeddable":true,"href":"https:\/\/www.frra.at\/en\/wp-json\/wp\/v2\/users\/6"}],"replies":[{"embeddable":true,"href":"https:\/\/www.frra.at\/en\/wp-json\/wp\/v2\/comments?post=4766"}],"version-history":[{"count":1,"href":"https:\/\/www.frra.at\/en\/wp-json\/wp\/v2\/posts\/4766\/revisions"}],"predecessor-version":[{"id":4767,"href":"https:\/\/www.frra.at\/en\/wp-json\/wp\/v2\/posts\/4766\/revisions\/4767"}],"wp:featuredmedia":[{"embeddable":true,"href":"https:\/\/www.frra.at\/en\/wp-json\/wp\/v2\/media\/4764"}],"wp:attachment":[{"href":"https:\/\/www.frra.at\/en\/wp-json\/wp\/v2\/media?parent=4766"}],"wp:term":[{"taxonomy":"category","embeddable":true,"href":"https:\/\/www.frra.at\/en\/wp-json\/wp\/v2\/categories?post=4766"},{"taxonomy":"post_tag","embeddable":true,"href":"https:\/\/www.frra.at\/en\/wp-json\/wp\/v2\/tags?post=4766"}],"curies":[{"name":"wp","href":"https:\/\/api.w.org\/{rel}","templated":true}]}}